{"id":1054,"date":"2014-02-09T22:25:40","date_gmt":"2014-02-09T20:25:40","guid":{"rendered":"http:\/\/asashio.anime.ee\/?p=1054"},"modified":"2014-02-09T22:25:40","modified_gmt":"2014-02-09T20:25:40","slug":"sobrapaevapidu-tartus-15-veebruar","status":"publish","type":"post","link":"https:\/\/asashio.baka.ee\/?p=1054","title":{"rendered":"S\u00f5brap\u00e4evapidu Tartus 15. veebruaril"},"content":{"rendered":"<p style=\"text-align: center;\"><a href=\"https:\/\/asashio.baka.ee\/wp-content\/uploads\/2014\/02\/asashiovalentinipidu_2-1.png\"><img loading=\"lazy\" class=\"alignnone size-full wp-image-1061\" alt=\"asashiovalentinipidu_2\" src=\"https:\/\/asashio.baka.ee\/wp-content\/uploads\/2014\/02\/asashiovalentinipidu_2-1.png\" width=\"600\" height=\"300\" srcset=\"https:\/\/asashio.baka.ee\/wp-content\/uploads\/2014\/02\/asashiovalentinipidu_2-1.png 600w, https:\/\/asashio.baka.ee\/wp-content\/uploads\/2014\/02\/asashiovalentinipidu_2-1-300x150.png 300w\" sizes=\"(max-width: 600px) 100vw, 600px\" \/><\/a><\/p>\n<p>S\u00f5brap\u00e4ev on l\u00e4henemas ja nii korraldabki animeklubi Asashio m\u00f5nusa kokkusaamise <strong>15. veebruaril kell 19.00<\/strong> Nurus (Kastani 38).<\/p>\n<p>Saame kokku, m\u00e4ngime m\u00f5ned huvitavad seltskonna m\u00e4ngud, ajame juttu, kuulame head muusikat ja saame paremini s\u00f5pradeks. \u00d5htul ka \u00fcks magus \u00fcllatus! Igasugused lisaettepanekud tegevuste osas on oodatud!<\/p>\n<p>Kaasa tuleb v\u00f5tta hea tuju ja \u00fchisele rootsilauale midagi n\u00e4ksimis! Joogi eest vastutab iga\u00fcks ise.<\/p>\n<p>Liikmemaksu tasunud Asashio liikmetele on \u00fcritus tasuta, teistele 2 eurot.<\/p>\n<p><a href=\"https:\/\/www.facebook.com\/events\/520956658019401\/\">Facebooki \u00fcritus<\/a><\/p>\n","protected":false},"excerpt":{"rendered":"<p>S\u00f5brap\u00e4ev on l\u00e4henemas ja nii korraldabki animeklubi Asashio m\u00f5nusa kokkusaamise 15. veebruaril kell 19.00 Nurus (Kastani 38). Saame kokku, m\u00e4ngime m\u00f5ned huvitavad seltskonna m\u00e4ngud, ajame juttu, kuulame head muusikat ja saame paremini s\u00f5pradeks. \u00d5htul ka \u00fcks magus \u00fcllatus! Igasugused lisaettepanekud tegevuste osas on oodatud! Kaasa tuleb v\u00f5tta hea tuju ja \u00fchisele rootsilauale midagi n\u00e4ksimis! Joogi [&hellip;]<\/p>\n","protected":false},"author":1,"featured_media":0,"comment_status":"closed","ping_status":"open","sticky":false,"template":"","format":"standard","meta":[],"categories":[10,11],"tags":[],"yoast_head":"<!-- This site is optimized with the Yoast SEO plugin v19.0 - https:\/\/yoast.com\/wordpress\/plugins\/seo\/ -->\n<title>S\u00f5brap\u00e4evapidu Tartus 15. veebruaril - Kultuuriklubi Asashio<\/title>\n<meta name=\"robots\" content=\"index, follow, max-snippet:-1, max-image-preview:large, max-video-preview:-1\" \/>\n<link rel=\"canonical\" href=\"https:\/\/asashio.baka.ee\/?p=1054\" \/>\n<meta property=\"og:locale\" content=\"en_US\" \/>\n<meta property=\"og:type\" content=\"article\" \/>\n<meta property=\"og:title\" content=\"S\u00f5brap\u00e4evapidu Tartus 15. veebruaril - Kultuuriklubi Asashio\" \/>\n<meta property=\"og:description\" content=\"S\u00f5brap\u00e4ev on l\u00e4henemas ja nii korraldabki animeklubi Asashio m\u00f5nusa kokkusaamise 15. veebruaril kell 19.00 Nurus (Kastani 38). Saame kokku, m\u00e4ngime m\u00f5ned huvitavad seltskonna m\u00e4ngud, ajame juttu, kuulame head muusikat ja saame paremini s\u00f5pradeks. \u00d5htul ka \u00fcks magus \u00fcllatus! Igasugused lisaettepanekud tegevuste osas on oodatud! Kaasa tuleb v\u00f5tta hea tuju ja \u00fchisele rootsilauale midagi n\u00e4ksimis! Joogi [&hellip;]\" \/>\n<meta property=\"og:url\" content=\"https:\/\/asashio.baka.ee\/?p=1054\" \/>\n<meta property=\"og:site_name\" content=\"Kultuuriklubi Asashio\" \/>\n<meta property=\"article:publisher\" content=\"https:\/\/www.facebook.com\/jaapanikultuuriklubiasashio\" \/>\n<meta property=\"article:published_time\" content=\"2014-02-09T20:25:40+00:00\" \/>\n<meta property=\"og:image\" content=\"https:\/\/asashio.baka.ee\/wp-content\/uploads\/2014\/02\/asashiovalentinipidu_2-1.png\" \/>\n<meta name=\"twitter:card\" content=\"summary_large_image\" \/>\n<meta name=\"twitter:creator\" content=\"@tartu_asashio\" \/>\n<meta name=\"twitter:site\" content=\"@tartu_asashio\" \/>\n<meta name=\"twitter:label1\" content=\"Written by\" \/>\n\t<meta name=\"twitter:data1\" content=\"admin\" \/>\n<script type=\"application\/ld+json\" class=\"yoast-schema-graph\">{\"@context\":\"https:\/\/schema.org\",\"@graph\":[{\"@type\":\"WebSite\",\"@id\":\"https:\/\/asashio.baka.ee\/#website\",\"url\":\"https:\/\/asashio.baka.ee\/\",\"name\":\"Kultuuriklubi Asashio\",\"description\":\"\",\"potentialAction\":[{\"@type\":\"SearchAction\",\"target\":{\"@type\":\"EntryPoint\",\"urlTemplate\":\"https:\/\/asashio.baka.ee\/?s={search_term_string}\"},\"query-input\":\"required name=search_term_string\"}],\"inLanguage\":\"en-US\"},{\"@type\":\"ImageObject\",\"inLanguage\":\"en-US\",\"@id\":\"https:\/\/asashio.baka.ee\/?p=1054#primaryimage\",\"url\":\"https:\/\/asashio.baka.ee\/wp-content\/uploads\/2014\/02\/asashiovalentinipidu_2-1.png\",\"contentUrl\":\"https:\/\/asashio.baka.ee\/wp-content\/uploads\/2014\/02\/asashiovalentinipidu_2-1.png\",\"width\":600,\"height\":300},{\"@type\":\"WebPage\",\"@id\":\"https:\/\/asashio.baka.ee\/?p=1054#webpage\",\"url\":\"https:\/\/asashio.baka.ee\/?p=1054\",\"name\":\"S\u00f5brap\u00e4evapidu Tartus 15. veebruaril - Kultuuriklubi Asashio\",\"isPartOf\":{\"@id\":\"https:\/\/asashio.baka.ee\/#website\"},\"primaryImageOfPage\":{\"@id\":\"https:\/\/asashio.baka.ee\/?p=1054#primaryimage\"},\"datePublished\":\"2014-02-09T20:25:40+00:00\",\"dateModified\":\"2014-02-09T20:25:40+00:00\",\"author\":{\"@id\":\"https:\/\/asashio.baka.ee\/#\/schema\/person\/2d06944ab77af28acd65be0d69c86dfa\"},\"breadcrumb\":{\"@id\":\"https:\/\/asashio.baka.ee\/?p=1054#breadcrumb\"},\"inLanguage\":\"en-US\",\"potentialAction\":[{\"@type\":\"ReadAction\",\"target\":[\"https:\/\/asashio.baka.ee\/?p=1054\"]}]},{\"@type\":\"BreadcrumbList\",\"@id\":\"https:\/\/asashio.baka.ee\/?p=1054#breadcrumb\",\"itemListElement\":[{\"@type\":\"ListItem\",\"position\":1,\"name\":\"Home\",\"item\":\"https:\/\/asashio.baka.ee\/\"},{\"@type\":\"ListItem\",\"position\":2,\"name\":\"S\u00f5brap\u00e4evapidu Tartus 15. veebruaril\"}]},{\"@type\":\"Person\",\"@id\":\"https:\/\/asashio.baka.ee\/#\/schema\/person\/2d06944ab77af28acd65be0d69c86dfa\",\"name\":\"admin\",\"image\":{\"@type\":\"ImageObject\",\"inLanguage\":\"en-US\",\"@id\":\"https:\/\/asashio.baka.ee\/#\/schema\/person\/image\/\",\"url\":\"https:\/\/secure.gravatar.com\/avatar\/d053550f146527a12726218a4b5f77d2?s=96&d=mm&r=g\",\"contentUrl\":\"https:\/\/secure.gravatar.com\/avatar\/d053550f146527a12726218a4b5f77d2?s=96&d=mm&r=g\",\"caption\":\"admin\"},\"sameAs\":[\"https:\/\/asashio.baka.ee\"],\"url\":\"https:\/\/asashio.baka.ee\/?author=1\"}]}<\/script>\n<!-- \/ Yoast SEO plugin. -->","yoast_head_json":{"title":"S\u00f5brap\u00e4evapidu Tartus 15. veebruaril - Kultuuriklubi Asashio","robots":{"index":"index","follow":"follow","max-snippet":"max-snippet:-1","max-image-preview":"max-image-preview:large","max-video-preview":"max-video-preview:-1"},"canonical":"https:\/\/asashio.baka.ee\/?p=1054","og_locale":"en_US","og_type":"article","og_title":"S\u00f5brap\u00e4evapidu Tartus 15. veebruaril - Kultuuriklubi Asashio","og_description":"S\u00f5brap\u00e4ev on l\u00e4henemas ja nii korraldabki animeklubi Asashio m\u00f5nusa kokkusaamise 15. veebruaril kell 19.00 Nurus (Kastani 38). Saame kokku, m\u00e4ngime m\u00f5ned huvitavad seltskonna m\u00e4ngud, ajame juttu, kuulame head muusikat ja saame paremini s\u00f5pradeks. \u00d5htul ka \u00fcks magus \u00fcllatus! Igasugused lisaettepanekud tegevuste osas on oodatud! Kaasa tuleb v\u00f5tta hea tuju ja \u00fchisele rootsilauale midagi n\u00e4ksimis! Joogi [&hellip;]","og_url":"https:\/\/asashio.baka.ee\/?p=1054","og_site_name":"Kultuuriklubi Asashio","article_publisher":"https:\/\/www.facebook.com\/jaapanikultuuriklubiasashio","article_published_time":"2014-02-09T20:25:40+00:00","og_image":[{"url":"https:\/\/asashio.baka.ee\/wp-content\/uploads\/2014\/02\/asashiovalentinipidu_2-1.png"}],"twitter_card":"summary_large_image","twitter_creator":"@tartu_asashio","twitter_site":"@tartu_asashio","twitter_misc":{"Written by":"admin"},"schema":{"@context":"https:\/\/schema.org","@graph":[{"@type":"WebSite","@id":"https:\/\/asashio.baka.ee\/#website","url":"https:\/\/asashio.baka.ee\/","name":"Kultuuriklubi Asashio","description":"","potentialAction":[{"@type":"SearchAction","target":{"@type":"EntryPoint","urlTemplate":"https:\/\/asashio.baka.ee\/?s={search_term_string}"},"query-input":"required name=search_term_string"}],"inLanguage":"en-US"},{"@type":"ImageObject","inLanguage":"en-US","@id":"https:\/\/asashio.baka.ee\/?p=1054#primaryimage","url":"https:\/\/asashio.baka.ee\/wp-content\/uploads\/2014\/02\/asashiovalentinipidu_2-1.png","contentUrl":"https:\/\/asashio.baka.ee\/wp-content\/uploads\/2014\/02\/asashiovalentinipidu_2-1.png","width":600,"height":300},{"@type":"WebPage","@id":"https:\/\/asashio.baka.ee\/?p=1054#webpage","url":"https:\/\/asashio.baka.ee\/?p=1054","name":"S\u00f5brap\u00e4evapidu Tartus 15. veebruaril - Kultuuriklubi Asashio","isPartOf":{"@id":"https:\/\/asashio.baka.ee\/#website"},"primaryImageOfPage":{"@id":"https:\/\/asashio.baka.ee\/?p=1054#primaryimage"},"datePublished":"2014-02-09T20:25:40+00:00","dateModified":"2014-02-09T20:25:40+00:00","author":{"@id":"https:\/\/asashio.baka.ee\/#\/schema\/person\/2d06944ab77af28acd65be0d69c86dfa"},"breadcrumb":{"@id":"https:\/\/asashio.baka.ee\/?p=1054#breadcrumb"},"inLanguage":"en-US","potentialAction":[{"@type":"ReadAction","target":["https:\/\/asashio.baka.ee\/?p=1054"]}]},{"@type":"BreadcrumbList","@id":"https:\/\/asashio.baka.ee\/?p=1054#breadcrumb","itemListElement":[{"@type":"ListItem","position":1,"name":"Home","item":"https:\/\/asashio.baka.ee\/"},{"@type":"ListItem","position":2,"name":"S\u00f5brap\u00e4evapidu Tartus 15. veebruaril"}]},{"@type":"Person","@id":"https:\/\/asashio.baka.ee\/#\/schema\/person\/2d06944ab77af28acd65be0d69c86dfa","name":"admin","image":{"@type":"ImageObject","inLanguage":"en-US","@id":"https:\/\/asashio.baka.ee\/#\/schema\/person\/image\/","url":"https:\/\/secure.gravatar.com\/avatar\/d053550f146527a12726218a4b5f77d2?s=96&d=mm&r=g","contentUrl":"https:\/\/secure.gravatar.com\/avatar\/d053550f146527a12726218a4b5f77d2?s=96&d=mm&r=g","caption":"admin"},"sameAs":["https:\/\/asashio.baka.ee"],"url":"https:\/\/asashio.baka.ee\/?author=1"}]}},"_links":{"self":[{"href":"https:\/\/asashio.baka.ee\/index.php?rest_route=\/wp\/v2\/posts\/1054"}],"collection":[{"href":"https:\/\/asashio.baka.ee\/index.php?rest_route=\/wp\/v2\/posts"}],"about":[{"href":"https:\/\/asashio.baka.ee\/index.php?rest_route=\/wp\/v2\/types\/post"}],"author":[{"embeddable":true,"href":"https:\/\/asashio.baka.ee\/index.php?rest_route=\/wp\/v2\/users\/1"}],"replies":[{"embeddable":true,"href":"https:\/\/asashio.baka.ee\/index.php?rest_route=%2Fwp%2Fv2%2Fcomments&post=1054"}],"version-history":[{"count":0,"href":"https:\/\/asashio.baka.ee\/index.php?rest_route=\/wp\/v2\/posts\/1054\/revisions"}],"wp:attachment":[{"href":"https:\/\/asashio.baka.ee\/index.php?rest_route=%2Fwp%2Fv2%2Fmedia&parent=1054"}],"wp:term":[{"taxonomy":"category","embeddable":true,"href":"https:\/\/asashio.baka.ee\/index.php?rest_route=%2Fwp%2Fv2%2Fcategories&post=1054"},{"taxonomy":"post_tag","embeddable":true,"href":"https:\/\/asashio.baka.ee\/index.php?rest_route=%2Fwp%2Fv2%2Ftags&post=1054"}],"curies":[{"name":"wp","href":"https:\/\/api.w.org\/{rel}","templated":true}]}}