{"id":165,"date":"2009-07-29T23:54:55","date_gmt":"2009-07-29T20:54:55","guid":{"rendered":"http:\/\/asashio.anime.ee\/?p=165"},"modified":"2009-07-29T23:54:55","modified_gmt":"2009-07-29T20:54:55","slug":"animepidu-31-juulil-tartus","status":"publish","type":"post","link":"https:\/\/asashio.baka.ee\/?p=165","title":{"rendered":"Animepidu 31. juulil Tartus"},"content":{"rendered":"<p>Selline kiire uudis, et Genialistide klubi korraldab Tartus Animepeo juba sel reedel!.<\/p>\n<p>Infot:<\/p>\n<p><img loading=\"lazy\" class=\"alignnone\" title=\"Gen. klubi animepidu\" src=\"http:\/\/www.genklubi.ee\/kohvik\/wp-content\/uploads\/2009\/06\/plakatile-2-150x150.jpg\" alt=\"\" width=\"150\" height=\"150\" \/><\/p>\n<p><strong><span style=\"font-weight: normal;\">R 31.07.2009 \/ 22.00 \/ 50.- \/ cosplay\u2019ga 25.-<br \/>\n\u00fcle terve maja<br \/>\n<\/span><\/strong><strong>ANIMEPIDU<\/strong><strong><span style=\"font-weight: normal;\"><br \/>\nT\u00f5en\u00e4oliselt esimene avatud animepidu Tartus. Temaatiline muusika, temaatiline tantsu\u00f5pe, temaatiline s\u00f6\u00f6k-jook ja temaatiline interj\u00f6\u00f6r.<br \/>\n\u00dcllatusi ja meelehead jagub nii hard-core animef\u00e4nnile kui ka tavalisele klubik\u00fclastajale.<\/span><\/strong><\/p>\n<p><strong><span style=\"font-weight: normal;\"><em>\u2026sa ju tead, et sa tahad tulla\u2026<\/em><\/span><\/strong><\/p>\n<p><a href=\"http:\/\/kohvik.genklubi.ee\/\">Genialistide klubi<\/a> Tartu Lai 37taga <em>(hoovis on uks)<\/em><br \/>\n<strong><span style=\"font-weight: normal;\"> Koost\u00f6\u00f6s Tartu Animeklubi Asashioga<\/span><\/strong><\/p>\n","protected":false},"excerpt":{"rendered":"<p>Selline kiire uudis, et Genialistide klubi korraldab Tartus Animepeo juba sel reedel!. Infot: R 31.07.2009 \/ 22.00 \/ 50.- \/ cosplay\u2019ga 25.- \u00fcle terve maja ANIMEPIDU T\u00f5en\u00e4oliselt esimene avatud animepidu Tartus. Temaatiline muusika, temaatiline tantsu\u00f5pe, temaatiline s\u00f6\u00f6k-jook ja temaatiline interj\u00f6\u00f6r. \u00dcllatusi ja meelehead jagub nii hard-core animef\u00e4nnile kui ka tavalisele klubik\u00fclastajale. \u2026sa ju tead, et [&hellip;]<\/p>\n","protected":false},"author":1,"featured_media":0,"comment_status":"open","ping_status":"open","sticky":false,"template":"","format":"standard","meta":[],"categories":[10,11],"tags":[34],"yoast_head":"<!-- This site is optimized with the Yoast SEO plugin v19.0 - https:\/\/yoast.com\/wordpress\/plugins\/seo\/ -->\n<title>Animepidu 31. juulil Tartus - Kultuuriklubi Asashio<\/title>\n<meta name=\"robots\" content=\"index, follow, max-snippet:-1, max-image-preview:large, max-video-preview:-1\" \/>\n<link rel=\"canonical\" href=\"https:\/\/asashio.baka.ee\/?p=165\" \/>\n<meta property=\"og:locale\" content=\"en_US\" \/>\n<meta property=\"og:type\" content=\"article\" \/>\n<meta property=\"og:title\" content=\"Animepidu 31. juulil Tartus - Kultuuriklubi Asashio\" \/>\n<meta property=\"og:description\" content=\"Selline kiire uudis, et Genialistide klubi korraldab Tartus Animepeo juba sel reedel!. Infot: R 31.07.2009 \/ 22.00 \/ 50.- \/ cosplay\u2019ga 25.- \u00fcle terve maja ANIMEPIDU T\u00f5en\u00e4oliselt esimene avatud animepidu Tartus. Temaatiline muusika, temaatiline tantsu\u00f5pe, temaatiline s\u00f6\u00f6k-jook ja temaatiline interj\u00f6\u00f6r. \u00dcllatusi ja meelehead jagub nii hard-core animef\u00e4nnile kui ka tavalisele klubik\u00fclastajale. \u2026sa ju tead, et [&hellip;]\" \/>\n<meta property=\"og:url\" content=\"https:\/\/asashio.baka.ee\/?p=165\" \/>\n<meta property=\"og:site_name\" content=\"Kultuuriklubi Asashio\" \/>\n<meta property=\"article:publisher\" content=\"https:\/\/www.facebook.com\/jaapanikultuuriklubiasashio\" \/>\n<meta property=\"article:published_time\" content=\"2009-07-29T20:54:55+00:00\" \/>\n<meta property=\"og:image\" content=\"http:\/\/www.genklubi.ee\/kohvik\/wp-content\/uploads\/2009\/06\/plakatile-2-150x150.jpg\" \/>\n<meta name=\"twitter:card\" content=\"summary_large_image\" \/>\n<meta name=\"twitter:creator\" content=\"@tartu_asashio\" \/>\n<meta name=\"twitter:site\" content=\"@tartu_asashio\" \/>\n<meta name=\"twitter:label1\" content=\"Written by\" \/>\n\t<meta name=\"twitter:data1\" content=\"admin\" \/>\n<script type=\"application\/ld+json\" class=\"yoast-schema-graph\">{\"@context\":\"https:\/\/schema.org\",\"@graph\":[{\"@type\":\"WebSite\",\"@id\":\"https:\/\/asashio.baka.ee\/#website\",\"url\":\"https:\/\/asashio.baka.ee\/\",\"name\":\"Kultuuriklubi Asashio\",\"description\":\"\",\"potentialAction\":[{\"@type\":\"SearchAction\",\"target\":{\"@type\":\"EntryPoint\",\"urlTemplate\":\"https:\/\/asashio.baka.ee\/?s={search_term_string}\"},\"query-input\":\"required name=search_term_string\"}],\"inLanguage\":\"en-US\"},{\"@type\":\"ImageObject\",\"inLanguage\":\"en-US\",\"@id\":\"https:\/\/asashio.baka.ee\/?p=165#primaryimage\",\"url\":\"http:\/\/www.genklubi.ee\/kohvik\/wp-content\/uploads\/2009\/06\/plakatile-2-150x150.jpg\",\"contentUrl\":\"http:\/\/www.genklubi.ee\/kohvik\/wp-content\/uploads\/2009\/06\/plakatile-2-150x150.jpg\"},{\"@type\":\"WebPage\",\"@id\":\"https:\/\/asashio.baka.ee\/?p=165#webpage\",\"url\":\"https:\/\/asashio.baka.ee\/?p=165\",\"name\":\"Animepidu 31. juulil Tartus - Kultuuriklubi Asashio\",\"isPartOf\":{\"@id\":\"https:\/\/asashio.baka.ee\/#website\"},\"primaryImageOfPage\":{\"@id\":\"https:\/\/asashio.baka.ee\/?p=165#primaryimage\"},\"datePublished\":\"2009-07-29T20:54:55+00:00\",\"dateModified\":\"2009-07-29T20:54:55+00:00\",\"author\":{\"@id\":\"https:\/\/asashio.baka.ee\/#\/schema\/person\/2d06944ab77af28acd65be0d69c86dfa\"},\"breadcrumb\":{\"@id\":\"https:\/\/asashio.baka.ee\/?p=165#breadcrumb\"},\"inLanguage\":\"en-US\",\"potentialAction\":[{\"@type\":\"ReadAction\",\"target\":[\"https:\/\/asashio.baka.ee\/?p=165\"]}]},{\"@type\":\"BreadcrumbList\",\"@id\":\"https:\/\/asashio.baka.ee\/?p=165#breadcrumb\",\"itemListElement\":[{\"@type\":\"ListItem\",\"position\":1,\"name\":\"Home\",\"item\":\"https:\/\/asashio.baka.ee\/\"},{\"@type\":\"ListItem\",\"position\":2,\"name\":\"Animepidu 31. juulil Tartus\"}]},{\"@type\":\"Person\",\"@id\":\"https:\/\/asashio.baka.ee\/#\/schema\/person\/2d06944ab77af28acd65be0d69c86dfa\",\"name\":\"admin\",\"image\":{\"@type\":\"ImageObject\",\"inLanguage\":\"en-US\",\"@id\":\"https:\/\/asashio.baka.ee\/#\/schema\/person\/image\/\",\"url\":\"https:\/\/secure.gravatar.com\/avatar\/d053550f146527a12726218a4b5f77d2?s=96&d=mm&r=g\",\"contentUrl\":\"https:\/\/secure.gravatar.com\/avatar\/d053550f146527a12726218a4b5f77d2?s=96&d=mm&r=g\",\"caption\":\"admin\"},\"sameAs\":[\"https:\/\/asashio.baka.ee\"],\"url\":\"https:\/\/asashio.baka.ee\/?author=1\"}]}<\/script>\n<!-- \/ Yoast SEO plugin. -->","yoast_head_json":{"title":"Animepidu 31. juulil Tartus - Kultuuriklubi Asashio","robots":{"index":"index","follow":"follow","max-snippet":"max-snippet:-1","max-image-preview":"max-image-preview:large","max-video-preview":"max-video-preview:-1"},"canonical":"https:\/\/asashio.baka.ee\/?p=165","og_locale":"en_US","og_type":"article","og_title":"Animepidu 31. juulil Tartus - Kultuuriklubi Asashio","og_description":"Selline kiire uudis, et Genialistide klubi korraldab Tartus Animepeo juba sel reedel!. Infot: R 31.07.2009 \/ 22.00 \/ 50.- \/ cosplay\u2019ga 25.- \u00fcle terve maja ANIMEPIDU T\u00f5en\u00e4oliselt esimene avatud animepidu Tartus. Temaatiline muusika, temaatiline tantsu\u00f5pe, temaatiline s\u00f6\u00f6k-jook ja temaatiline interj\u00f6\u00f6r. \u00dcllatusi ja meelehead jagub nii hard-core animef\u00e4nnile kui ka tavalisele klubik\u00fclastajale. \u2026sa ju tead, et [&hellip;]","og_url":"https:\/\/asashio.baka.ee\/?p=165","og_site_name":"Kultuuriklubi Asashio","article_publisher":"https:\/\/www.facebook.com\/jaapanikultuuriklubiasashio","article_published_time":"2009-07-29T20:54:55+00:00","og_image":[{"url":"http:\/\/www.genklubi.ee\/kohvik\/wp-content\/uploads\/2009\/06\/plakatile-2-150x150.jpg"}],"twitter_card":"summary_large_image","twitter_creator":"@tartu_asashio","twitter_site":"@tartu_asashio","twitter_misc":{"Written by":"admin"},"schema":{"@context":"https:\/\/schema.org","@graph":[{"@type":"WebSite","@id":"https:\/\/asashio.baka.ee\/#website","url":"https:\/\/asashio.baka.ee\/","name":"Kultuuriklubi Asashio","description":"","potentialAction":[{"@type":"SearchAction","target":{"@type":"EntryPoint","urlTemplate":"https:\/\/asashio.baka.ee\/?s={search_term_string}"},"query-input":"required name=search_term_string"}],"inLanguage":"en-US"},{"@type":"ImageObject","inLanguage":"en-US","@id":"https:\/\/asashio.baka.ee\/?p=165#primaryimage","url":"http:\/\/www.genklubi.ee\/kohvik\/wp-content\/uploads\/2009\/06\/plakatile-2-150x150.jpg","contentUrl":"http:\/\/www.genklubi.ee\/kohvik\/wp-content\/uploads\/2009\/06\/plakatile-2-150x150.jpg"},{"@type":"WebPage","@id":"https:\/\/asashio.baka.ee\/?p=165#webpage","url":"https:\/\/asashio.baka.ee\/?p=165","name":"Animepidu 31. juulil Tartus - Kultuuriklubi Asashio","isPartOf":{"@id":"https:\/\/asashio.baka.ee\/#website"},"primaryImageOfPage":{"@id":"https:\/\/asashio.baka.ee\/?p=165#primaryimage"},"datePublished":"2009-07-29T20:54:55+00:00","dateModified":"2009-07-29T20:54:55+00:00","author":{"@id":"https:\/\/asashio.baka.ee\/#\/schema\/person\/2d06944ab77af28acd65be0d69c86dfa"},"breadcrumb":{"@id":"https:\/\/asashio.baka.ee\/?p=165#breadcrumb"},"inLanguage":"en-US","potentialAction":[{"@type":"ReadAction","target":["https:\/\/asashio.baka.ee\/?p=165"]}]},{"@type":"BreadcrumbList","@id":"https:\/\/asashio.baka.ee\/?p=165#breadcrumb","itemListElement":[{"@type":"ListItem","position":1,"name":"Home","item":"https:\/\/asashio.baka.ee\/"},{"@type":"ListItem","position":2,"name":"Animepidu 31. juulil Tartus"}]},{"@type":"Person","@id":"https:\/\/asashio.baka.ee\/#\/schema\/person\/2d06944ab77af28acd65be0d69c86dfa","name":"admin","image":{"@type":"ImageObject","inLanguage":"en-US","@id":"https:\/\/asashio.baka.ee\/#\/schema\/person\/image\/","url":"https:\/\/secure.gravatar.com\/avatar\/d053550f146527a12726218a4b5f77d2?s=96&d=mm&r=g","contentUrl":"https:\/\/secure.gravatar.com\/avatar\/d053550f146527a12726218a4b5f77d2?s=96&d=mm&r=g","caption":"admin"},"sameAs":["https:\/\/asashio.baka.ee"],"url":"https:\/\/asashio.baka.ee\/?author=1"}]}},"_links":{"self":[{"href":"https:\/\/asashio.baka.ee\/index.php?rest_route=\/wp\/v2\/posts\/165"}],"collection":[{"href":"https:\/\/asashio.baka.ee\/index.php?rest_route=\/wp\/v2\/posts"}],"about":[{"href":"https:\/\/asashio.baka.ee\/index.php?rest_route=\/wp\/v2\/types\/post"}],"author":[{"embeddable":true,"href":"https:\/\/asashio.baka.ee\/index.php?rest_route=\/wp\/v2\/users\/1"}],"replies":[{"embeddable":true,"href":"https:\/\/asashio.baka.ee\/index.php?rest_route=%2Fwp%2Fv2%2Fcomments&post=165"}],"version-history":[{"count":0,"href":"https:\/\/asashio.baka.ee\/index.php?rest_route=\/wp\/v2\/posts\/165\/revisions"}],"wp:attachment":[{"href":"https:\/\/asashio.baka.ee\/index.php?rest_route=%2Fwp%2Fv2%2Fmedia&parent=165"}],"wp:term":[{"taxonomy":"category","embeddable":true,"href":"https:\/\/asashio.baka.ee\/index.php?rest_route=%2Fwp%2Fv2%2Fcategories&post=165"},{"taxonomy":"post_tag","embeddable":true,"href":"https:\/\/asashio.baka.ee\/index.php?rest_route=%2Fwp%2Fv2%2Ftags&post=165"}],"curies":[{"name":"wp","href":"https:\/\/api.w.org\/{rel}","templated":true}]}}